{"id":746,"date":"2024-11-12T12:53:57","date_gmt":"2024-11-12T11:53:57","guid":{"rendered":"https:\/\/www.bodimariamagdolna.hu\/?p=746"},"modified":"2024-12-02T16:29:33","modified_gmt":"2024-12-02T15:29:33","slug":"magdi-bodi-through-the-eyes-of-children","status":"publish","type":"post","link":"https:\/\/www.bodimariamagdolna.hu\/en\/magdi-bodi-through-the-eyes-of-children\/","title":{"rendered":"Magdi B\u00f3di Through the Eyes of Children"},"content":{"rendered":"<p>In the spring of 2024, we announced our nationwide online religious education competition, which focused on the lives of Cardinal J\u00f3zsef Mindszenty\u2014Prince Primate, Archbishop of Esztergom, Bishop of Veszpr\u00e9m\u2014and martyr Magdolna B\u00f3di M\u00e1ria. The goal of the competition was to help children learn about virtues that can serve as examples for today\u2019s youth and future generations through the lives of these two outstanding figures.<\/p>\n<p>As part of the competition, 3rd and 4th-grade students were encouraged to create lap books related to Magdi, while 5th-6th and 7th-8th graders were tasked with composing their own thanksgiving prayers.<\/p>\n<p>Given the high quality and beauty of the submissions from both within and outside the diocese, we decided to showcase them to a broader audience using roll-up banners. Thus, five series of roll-ups were launched.<\/p>\n<p>In the coming weeks, we will provide updates on the locations where the roll-ups will be displayed. Our first reports cover the exhibitions in H\u00e9v\u00edz and V\u00e1rpalota.<\/p>\n<p>At the Saint Luke Elderly Home in H\u00e9v\u00edz, a celebration was held on October 18, 2024, marking the 22nd anniversary of the institution\u2019s founding. As part of the event, they hosted an exhibition of roll-ups presenting the life of Magdolna B\u00f3di M\u00e1ria.<\/p>\n<p><img loading=\"lazy\" decoding=\"async\" class=\"\" src=\"https:\/\/www.veszpremiersekseg.hu\/wp-content\/uploads\/2024\/11\/Roll-up-Heviz-300x138.jpg\" width=\"598\" height=\"275\" \/><\/p>\n<p>The institution\u2019s director, Mrs. Enik\u0151 Kar\u00e1csonyn\u00e9 Kiss, and her colleagues shared that the residents of the elderly home had eagerly awaited the exhibition and were delighted by the topic. During the celebration, one elderly lady expressed that she felt her prayers had been answered by bringing this exhibition into the walls of their institution. She shared that she had read extensively about Magdi and deeply respects her life and work.<\/p>\n<p>Residents unfamiliar with Magdi were very open and receptive, listening attentively to the exhibition opening and continuing to observe, read, and reflect on the drawings, prayers, and texts displayed on the roll-ups.<\/p>\n<p>The home\u2019s residents are preparing for Magdi\u2019s beatification through prayer, and they remember her during their daily rosary prayers.<\/p>\n<p>At the Nepomuki Saint John Roman Catholic Elementary School in V\u00e1rpalota, students discussed the life and legacy of Magdolna B\u00f3di M\u00e1ria during a religious education class, using the roll-ups as a teaching aid. These roll-ups served as interactive learning materials, bringing Magdi\u2019s story closer to students through images, texts, and children\u2019s drawings. Her profound faithfulness and commitment to God serve as an inspiring example.<\/p>\n<p>During the discussion, students shared their own thoughts and feelings, collectively exploring how Magdolna B\u00f3di M\u00e1ria\u2019s example can be applied in daily life today, especially in the areas of love, service, and faithfulness.<\/p>\n<p><img decoding=\"async\" src=\"https:\/\/www.veszpremiersekseg.hu\/wp-content\/uploads\/2024\/11\/3-135x300.jpg\" \/>\u00a0 <img decoding=\"async\" src=\"https:\/\/www.veszpremiersekseg.hu\/wp-content\/uploads\/2024\/11\/1-135x300.jpg\" \/><\/p>\n","protected":false},"excerpt":{"rendered":"In the spring of 2024, we announced our nationwide online religious education competition, which focused on the lives of Cardinal J\u00f3zsef Mindszenty\u2014Prince Primate, Archbishop of Esztergom, Bishop of Veszpr\u00e9m\u2014and martyr Magdolna B\u00f3di M\u00e1ria.\n<a class=\"moretag\" href=\"https:\/\/www.bodimariamagdolna.hu\/en\/magdi-bodi-through-the-eyes-of-children\/\"> <\/a>","protected":false},"author":2,"featured_media":0,"comment_status":"open","ping_status":"open","sticky":false,"template":"","format":"standard","meta":{"footnotes":""},"categories":[4],"tags":[],"class_list":["post-746","post","type-post","status-publish","format-standard","hentry","category-news"],"_links":{"self":[{"href":"https:\/\/www.bodimariamagdolna.hu\/en\/wp-json\/wp\/v2\/posts\/746","targetHints":{"allow":["GET"]}}],"collection":[{"href":"https:\/\/www.bodimariamagdolna.hu\/en\/wp-json\/wp\/v2\/posts"}],"about":[{"href":"https:\/\/www.bodimariamagdolna.hu\/en\/wp-json\/wp\/v2\/types\/post"}],"author":[{"embeddable":true,"href":"https:\/\/www.bodimariamagdolna.hu\/en\/wp-json\/wp\/v2\/users\/2"}],"replies":[{"embeddable":true,"href":"https:\/\/www.bodimariamagdolna.hu\/en\/wp-json\/wp\/v2\/comments?post=746"}],"version-history":[{"count":1,"href":"https:\/\/www.bodimariamagdolna.hu\/en\/wp-json\/wp\/v2\/posts\/746\/revisions"}],"predecessor-version":[{"id":747,"href":"https:\/\/www.bodimariamagdolna.hu\/en\/wp-json\/wp\/v2\/posts\/746\/revisions\/747"}],"wp:attachment":[{"href":"https:\/\/www.bodimariamagdolna.hu\/en\/wp-json\/wp\/v2\/media?parent=746"}],"wp:term":[{"taxonomy":"category","embeddable":true,"href":"https:\/\/www.bodimariamagdolna.hu\/en\/wp-json\/wp\/v2\/categories?post=746"},{"taxonomy":"post_tag","embeddable":true,"href":"https:\/\/www.bodimariamagdolna.hu\/en\/wp-json\/wp\/v2\/tags?post=746"}],"curies":[{"name":"wp","href":"https:\/\/api.w.org\/{rel}","templated":true}]}}