{"id":2392,"date":"2025-08-27T15:12:08","date_gmt":"2025-08-27T14:12:08","guid":{"rendered":"https:\/\/www.bodimariamagdolna.hu\/?p=2392"},"modified":"2025-08-27T15:18:21","modified_gmt":"2025-08-27T14:18:21","slug":"in-ten-days-we-will-celebrate-the-beatification-of-maria-magdolna-bodi","status":"publish","type":"post","link":"https:\/\/www.bodimariamagdolna.hu\/en\/in-ten-days-we-will-celebrate-the-beatification-of-maria-magdolna-bodi\/","title":{"rendered":"In Ten Days We Will Celebrate the Beatification of M\u00e1ria Magdolna B\u00f3di"},"content":{"rendered":"<p data-start=\"123\" data-end=\"292\">Only ten days remain until that historic moment when the Church will raise M\u00e1ria Magdolna B\u00f3di, the martyred witness of faith, to the ranks of the Blessed in Veszpr\u00e9m.<\/p>\n<p data-start=\"294\" data-end=\"504\">Archbishop Gy\u00f6rgy Udvardy joyfully renewed his invitation: <em data-start=\"353\" data-end=\"502\">\u201cWith great joy I invite everyone to join us on September 6 to give thanks for M\u00e1ria Magdolna B\u00f3di and to be strengthened in faith by her example.\u201d<\/em><\/p>\n<p data-start=\"506\" data-end=\"916\">The Archbishop highlighted that more than nine thousand people have already registered for the celebration, and the number is approaching ten thousand. It is also a source of great joy that many young people have joined the youth gathering. As part of the common preparation, the faithful are praying a novena and litanies, while numerous communities are organizing individual spiritual preparations as well.<\/p>\n<p data-start=\"918\" data-end=\"1108\"><em data-start=\"918\" data-end=\"1079\">\u201cI await everyone so that, with enthusiasm and joy, we may take part in this celebration to which our Church calls us, to give thanks for M\u00e1ria Magdolna B\u00f3di,\u201d<\/em> the Archbishop emphasized.<\/p>\n<p data-start=\"1110\" data-end=\"1235\">The beatification will take place on <strong data-start=\"1147\" data-end=\"1193\">Saturday, September 6, 2025, at 11:00 a.m.<\/strong>, in the area behind the Veszpr\u00e9m Arena.<\/p>\n<div style=\"width: 747px;\" class=\"wp-video\"><video class=\"wp-video-shortcode\" id=\"video-2392-1\" width=\"747\" height=\"420\" preload=\"metadata\" controls=\"controls\"><source type=\"video\/mp4\" src=\"https:\/\/www.bodimariamagdolna.hu\/wp-content\/uploads\/2025\/08\/10-nap.MP41.mp4?_=1\" \/><a href=\"https:\/\/www.bodimariamagdolna.hu\/wp-content\/uploads\/2025\/08\/10-nap.MP41.mp4\">https:\/\/www.bodimariamagdolna.hu\/wp-content\/uploads\/2025\/08\/10-nap.MP41.mp4<\/a><\/video><\/div>\n","protected":false},"excerpt":{"rendered":"Only ten days remain until that historic moment when the Church will raise\n<a class=\"moretag\" href=\"https:\/\/www.bodimariamagdolna.hu\/en\/in-ten-days-we-will-celebrate-the-beatification-of-maria-magdolna-bodi\/\"> <\/a>","protected":false},"author":2,"featured_media":0,"comment_status":"closed","ping_status":"closed","sticky":false,"template":"","format":"standard","meta":{"footnotes":""},"categories":[4],"tags":[],"class_list":["post-2392","post","type-post","status-publish","format-standard","hentry","category-news"],"_links":{"self":[{"href":"https:\/\/www.bodimariamagdolna.hu\/en\/wp-json\/wp\/v2\/posts\/2392","targetHints":{"allow":["GET"]}}],"collection":[{"href":"https:\/\/www.bodimariamagdolna.hu\/en\/wp-json\/wp\/v2\/posts"}],"about":[{"href":"https:\/\/www.bodimariamagdolna.hu\/en\/wp-json\/wp\/v2\/types\/post"}],"author":[{"embeddable":true,"href":"https:\/\/www.bodimariamagdolna.hu\/en\/wp-json\/wp\/v2\/users\/2"}],"replies":[{"embeddable":true,"href":"https:\/\/www.bodimariamagdolna.hu\/en\/wp-json\/wp\/v2\/comments?post=2392"}],"version-history":[{"count":1,"href":"https:\/\/www.bodimariamagdolna.hu\/en\/wp-json\/wp\/v2\/posts\/2392\/revisions"}],"predecessor-version":[{"id":2395,"href":"https:\/\/www.bodimariamagdolna.hu\/en\/wp-json\/wp\/v2\/posts\/2392\/revisions\/2395"}],"wp:attachment":[{"href":"https:\/\/www.bodimariamagdolna.hu\/en\/wp-json\/wp\/v2\/media?parent=2392"}],"wp:term":[{"taxonomy":"category","embeddable":true,"href":"https:\/\/www.bodimariamagdolna.hu\/en\/wp-json\/wp\/v2\/categories?post=2392"},{"taxonomy":"post_tag","embeddable":true,"href":"https:\/\/www.bodimariamagdolna.hu\/en\/wp-json\/wp\/v2\/tags?post=2392"}],"curies":[{"name":"wp","href":"https:\/\/api.w.org\/{rel}","templated":true}]}}